{"id":1,"date":"2024-10-02T12:51:52","date_gmt":"2024-10-02T12:51:52","guid":{"rendered":"https:\/\/neas.no\/bedrift\/?p=1"},"modified":"2026-03-18T11:38:53","modified_gmt":"2026-03-18T11:38:53","slug":"hello-world","status":"publish","type":"post","link":"https:\/\/neas.no\/bedrift\/2024\/10\/02\/hello-world\/","title":{"rendered":"Si hei til nye NEAS"},"content":{"rendered":"<p class=\"t2-ingress wp-block-t2-ingress\">West Elektro, Adcom Kristiansund og Vitnett bytter navn til NEAS &#8211; og sammen leverer nye NEAS alt innen str\u00f8m, IT, elektro, Internett, TV og mobil til b\u00e5de privat- og bedriftskunder i hele regionen v\u00e5r.<\/p>\n\n\n<figure class=\"wp-block-image size-large\"><img loading=\"lazy\" decoding=\"async\" width=\"1024\" height=\"768\" src=\"http:\/\/neas.no\/content\/uploads\/2024\/10\/Kjente-fjes-i-Neas-pa-Campus-Kristiansund-1024x768.jpg\" alt=\"\" class=\"wp-image-613\" srcset=\"https:\/\/neas.no\/content\/uploads\/2024\/10\/Kjente-fjes-i-Neas-pa-Campus-Kristiansund-1024x768.jpg 1024w, https:\/\/neas.no\/content\/uploads\/2024\/10\/Kjente-fjes-i-Neas-pa-Campus-Kristiansund-300x225.jpg 300w, https:\/\/neas.no\/content\/uploads\/2024\/10\/Kjente-fjes-i-Neas-pa-Campus-Kristiansund-768x576.jpg 768w, https:\/\/neas.no\/content\/uploads\/2024\/10\/Kjente-fjes-i-Neas-pa-Campus-Kristiansund-1536x1152.jpg 1536w, https:\/\/neas.no\/content\/uploads\/2024\/10\/Kjente-fjes-i-Neas-pa-Campus-Kristiansund.jpg 1920w\" sizes=\"auto, (max-width: 1024px) 100vw, 1024px\" \/><\/figure>\n\n\n\n<h2 class=\"wp-block-heading\" id=\"h-i-ny-drakt\">I ny drakt<\/h2>\n\n\n\n<p>Selv om selskapene samles under NEAS-paraplyen, vil du fortsatt m\u00f8te de samme menneskene, og du vil fremdeles f\u00e5 den gode servicen du er vant med.<br><br>Og har du noe p\u00e5 hjertet kan du <a data-type=\"page\" data-id=\"185\" href=\"https:\/\/neas.no\/kontaktsenter\/\">kontakte oss<\/a> p\u00e5 akkurat samme m\u00e5te som f\u00f8r. Vi holder til p\u00e5 samme sted i nabolaget ditt.&nbsp;<\/p>\n\n\n\n<h2 class=\"wp-block-heading\">Fra fjord til fjell&nbsp;<\/h2>\n\n\n\n<p>Vi strekker oss gjennom Midt-Norge og kobler sammen regionen v\u00e5r fra fjord til fjell. Med flere folk og tjenester under samme merkevare er vi en stor p\u00e5driver for \u00e5 fremsnakke nabolagene v\u00e5re og vise potensialet i regionen v\u00e5r.<\/p>\n\n\n\n<h2 class=\"wp-block-heading\">La oss l\u00f8fte regionen sammen&nbsp;<\/h2>\n\n\n\n<p>Med et lokalt og sterkt selskap st\u00e5r vi sterkere i m\u00f8te med en verden i rask endring. N\u00e5r kravene til kompetanse og konkurransekraften \u00f8ker &#8211; skal vi m\u00f8te den for \u00e5 tilby de beste tjenestene.&nbsp;<\/p>\n\n\n\n<p>Ved \u00e5 st\u00e5 samlet i NEAS skal vi forene kreftene, og sikre et fremtidsrettet og lokalt tilbud.&nbsp;Med ekstra stort hjerte for regionen skal vi i tillegg gi mer tilbake til nabolaget.<\/p>\n\n\n\n\t\t<div class=\"t2-simple-media-text alignfull is-mode-constrained is-gap-center has-media-on-the-right wp-block-t2-simple-media-text\">\n\t\t\t<div class=\"t2-simple-media-text__container\">\n\t\t\t\t<figure class=\"t2-simple-media-text__image\"><img loading=\"lazy\" decoding=\"async\" width=\"768\" height=\"511\" src=\"https:\/\/neas.no\/content\/uploads\/2024\/09\/Telemontor-i-stromstolpe-768x511.jpg\" class=\"wp-image-106 size-medium_large attachment-medium_large\" alt=\"\" style=\"--focalpoint: 50% 50%;\" srcset=\"https:\/\/neas.no\/content\/uploads\/2024\/09\/Telemontor-i-stromstolpe-768x511.jpg 768w, https:\/\/neas.no\/content\/uploads\/2024\/09\/Telemontor-i-stromstolpe-300x200.jpg 300w, https:\/\/neas.no\/content\/uploads\/2024\/09\/Telemontor-i-stromstolpe-1024x681.jpg 1024w, https:\/\/neas.no\/content\/uploads\/2024\/09\/Telemontor-i-stromstolpe-1536x1022.jpg 1536w, https:\/\/neas.no\/content\/uploads\/2024\/09\/Telemontor-i-stromstolpe.jpg 2000w\" sizes=\"auto, (max-width: 768px) 100vw, 768px\" \/><\/figure>\n\t\t\t\t<div class=\"t2-simple-media-text__content-container\">\n\t\t\t\t\t<div class=\"t2-simple-media-text__content\">\n\t\t\t\t\t\t<div class=\"t2-simple-media-text__content-inner is-layout-flow\">\n\t\t\t\t\t\t\t\n\n<h1 class=\"wp-block-heading\">Vi kobler sammen nabolaget<\/h1>\n\n\n\n<ul class=\"wp-block-list\">\n<li>Med <strong>teknologi og infrastruktur<\/strong> kobler vi sammen regionen v\u00e5r<\/li>\n\n\n\n<li>Med <strong>gode tjenester og produkt<\/strong> &#8211; kobler vi sammen bedrifter og kollegaer<\/li>\n\n\n\n<li>Med <strong>underholdning og hverdagsglede<\/strong> kobler vi sammen generasjonene<\/li>\n\n\n\n<li>Med <strong>et stort hjerte for regionen<\/strong> kobler vi sammen barn og unge med fritidsaktiviteter og idrett<\/li>\n<\/ul>\n\n\n\n<div class=\"wp-block-buttons is-layout-flex wp-block-buttons-is-layout-flex\">\n<div class=\"wp-block-button has-icon has-icon-arrow\"><a class=\"wp-block-button__link wp-element-button\" href=\"\/nabolaget\">Les mer om nabolaget <svg xmlns=\"http:\/\/www.w3.org\/2000\/svg\" viewBox=\"0 0 24 24\" height=\"24\" width=\"24\" class=\"t2-icon t2-icon-arrow\" aria-hidden=\"true\" focusable=\"false\"><path d=\"M15.317 5.237c-.585.127-1.113.243-1.172.258-.1.025-.106.039-.083.176.286 1.672.863 2.866 1.91 3.957.54.562 1.127.964 1.808 1.239l.32.13-8.05.001L2 11v2l8.03.001 8.03.002-.286.112c-.603.239-1.108.577-1.669 1.121-1.108 1.074-1.765 2.388-2.043 4.087l-.023.144 1.19.264c.654.145 1.193.26 1.198.255.005-.004.028-.206.051-.447.166-1.688.673-2.854 1.68-3.861.652-.652 1.338-1.072 2.256-1.379.392-.131 1.218-.299 1.47-.299H22v-1.993l-.15-.022c-.082-.013-.24-.034-.35-.048a8.258 8.258 0 0 1-1.3-.319 5.467 5.467 0 0 1-3.092-2.758c-.355-.713-.54-1.452-.649-2.59-.014-.148-.037-.268-.052-.267-.015.002-.506.108-1.09.234\"\/><\/svg><\/a><\/div>\n<\/div>\n\n\n\t\t\t\t\t\t<\/div>\n\t\t\t\t\t<\/div>\n\t\t\t\t<\/div>\n\t\t\t<\/div>\n\t\t<\/div>\n\t\t\n\n\n<p><\/p>\n","protected":false},"excerpt":{"rendered":"<p>I ny drakt Selv om selskapene samles under NEAS-paraplyen, vil du fortsatt m\u00f8te de samme menneskene, og du vil fremdeles f\u00e5 den gode servicen du er vant med. Og har du noe p\u00e5 hjertet kan du kontakte oss p\u00e5 akkurat&#8230;<\/p>\n","protected":false},"author":1,"featured_media":613,"comment_status":"open","ping_status":"open","sticky":false,"template":"","format":"standard","meta":{"t2_featured_media_focal_point":{"x":0.5,"y":0.5},"footnotes":""},"categories":[36],"tags":[],"class_list":["post-1","post","type-post","status-publish","format-standard","has-post-thumbnail","hentry","category-livet-i-neas"],"yoast_head":"<!-- This site is optimized with the Yoast SEO Premium plugin v26.5 (Yoast SEO v26.9) - https:\/\/yoast.com\/product\/yoast-seo-premium-wordpress\/ -->\n<title>Si hei til nye NEAS - Bedrift<\/title>\n<meta name=\"robots\" content=\"index, follow, max-snippet:-1, max-image-preview:large, max-video-preview:-1\" \/>\n<link rel=\"canonical\" href=\"https:\/\/neas.no\/bedrift\/2024\/10\/02\/hello-world\/\" \/>\n<meta property=\"og:locale\" content=\"nb_NO\" \/>\n<meta property=\"og:type\" content=\"article\" \/>\n<meta property=\"og:title\" content=\"Si hei til nye NEAS\" \/>\n<meta property=\"og:description\" content=\"I ny drakt Selv om selskapene samles under NEAS-paraplyen, vil du fortsatt m\u00f8te de samme menneskene, og du vil fremdeles f\u00e5 den gode servicen du er vant med. Og har du noe p\u00e5 hjertet kan du kontakte oss p\u00e5 akkurat...\" \/>\n<meta property=\"og:url\" content=\"https:\/\/neas.no\/bedrift\/2024\/10\/02\/hello-world\/\" \/>\n<meta property=\"og:site_name\" content=\"Bedrift\" \/>\n<meta property=\"article:published_time\" content=\"2024-10-02T12:51:52+00:00\" \/>\n<meta property=\"article:modified_time\" content=\"2026-03-18T11:38:53+00:00\" \/>\n<meta property=\"og:image\" content=\"https:\/\/neas.no\/content\/uploads\/2024\/10\/Kjente-fjes-i-Neas-pa-Campus-Kristiansund.jpg\" \/>\n\t<meta property=\"og:image:width\" content=\"1920\" \/>\n\t<meta property=\"og:image:height\" content=\"1440\" \/>\n\t<meta property=\"og:image:type\" content=\"image\/jpeg\" \/>\n<meta name=\"author\" content=\"dekode\" \/>\n<meta name=\"twitter:card\" content=\"summary_large_image\" \/>\n<meta name=\"twitter:label1\" content=\"Skrevet av\" \/>\n\t<meta name=\"twitter:data1\" content=\"dekode\" \/>\n\t<meta name=\"twitter:label2\" content=\"Ansl. lesetid\" \/>\n\t<meta name=\"twitter:data2\" content=\"2 minutter\" \/>\n<script type=\"application\/ld+json\" class=\"yoast-schema-graph\">{\"@context\":\"https:\/\/schema.org\",\"@graph\":[{\"@type\":\"Article\",\"@id\":\"https:\/\/neas.no\/bedrift\/2024\/10\/02\/hello-world\/#article\",\"isPartOf\":{\"@id\":\"https:\/\/neas.no\/bedrift\/2024\/10\/02\/hello-world\/\"},\"author\":{\"name\":\"dekode\",\"@id\":\"https:\/\/neas.no\/bedrift\/#\/schema\/person\/3696431cb56b4ed4244bb7ac32efa3c9\"},\"headline\":\"Si hei til nye NEAS\",\"datePublished\":\"2024-10-02T12:51:52+00:00\",\"dateModified\":\"2026-03-18T11:38:53+00:00\",\"mainEntityOfPage\":{\"@id\":\"https:\/\/neas.no\/bedrift\/2024\/10\/02\/hello-world\/\"},\"wordCount\":240,\"commentCount\":1,\"image\":{\"@id\":\"https:\/\/neas.no\/bedrift\/2024\/10\/02\/hello-world\/#primaryimage\"},\"thumbnailUrl\":\"https:\/\/neas.no\/content\/uploads\/2024\/10\/Kjente-fjes-i-Neas-pa-Campus-Kristiansund.jpg\",\"articleSection\":[\"Livet i Neas\"],\"inLanguage\":\"nb-NO\"},{\"@type\":\"WebPage\",\"@id\":\"https:\/\/neas.no\/bedrift\/2024\/10\/02\/hello-world\/\",\"url\":\"https:\/\/neas.no\/bedrift\/2024\/10\/02\/hello-world\/\",\"name\":\"Si hei til nye NEAS - Bedrift\",\"isPartOf\":{\"@id\":\"https:\/\/neas.no\/bedrift\/#website\"},\"primaryImageOfPage\":{\"@id\":\"https:\/\/neas.no\/bedrift\/2024\/10\/02\/hello-world\/#primaryimage\"},\"image\":{\"@id\":\"https:\/\/neas.no\/bedrift\/2024\/10\/02\/hello-world\/#primaryimage\"},\"thumbnailUrl\":\"https:\/\/neas.no\/content\/uploads\/2024\/10\/Kjente-fjes-i-Neas-pa-Campus-Kristiansund.jpg\",\"datePublished\":\"2024-10-02T12:51:52+00:00\",\"dateModified\":\"2026-03-18T11:38:53+00:00\",\"author\":{\"@id\":\"https:\/\/neas.no\/bedrift\/#\/schema\/person\/3696431cb56b4ed4244bb7ac32efa3c9\"},\"breadcrumb\":{\"@id\":\"https:\/\/neas.no\/bedrift\/2024\/10\/02\/hello-world\/#breadcrumb\"},\"inLanguage\":\"nb-NO\",\"potentialAction\":[{\"@type\":\"ReadAction\",\"target\":[\"https:\/\/neas.no\/bedrift\/2024\/10\/02\/hello-world\/\"]}]},{\"@type\":\"ImageObject\",\"inLanguage\":\"nb-NO\",\"@id\":\"https:\/\/neas.no\/bedrift\/2024\/10\/02\/hello-world\/#primaryimage\",\"url\":\"https:\/\/neas.no\/content\/uploads\/2024\/10\/Kjente-fjes-i-Neas-pa-Campus-Kristiansund.jpg\",\"contentUrl\":\"https:\/\/neas.no\/content\/uploads\/2024\/10\/Kjente-fjes-i-Neas-pa-Campus-Kristiansund.jpg\"},{\"@type\":\"BreadcrumbList\",\"@id\":\"https:\/\/neas.no\/bedrift\/2024\/10\/02\/hello-world\/#breadcrumb\",\"itemListElement\":[{\"@type\":\"ListItem\",\"position\":1,\"name\":\"Hjem\",\"item\":\"https:\/\/neas.no\/bedrift\/\"},{\"@type\":\"ListItem\",\"position\":2,\"name\":\"Si hei til nye NEAS\"}]},{\"@type\":\"WebSite\",\"@id\":\"https:\/\/neas.no\/bedrift\/#website\",\"url\":\"https:\/\/neas.no\/bedrift\/\",\"name\":\"Bedrift\",\"description\":\"\",\"potentialAction\":[{\"@type\":\"SearchAction\",\"target\":{\"@type\":\"EntryPoint\",\"urlTemplate\":\"https:\/\/neas.no\/bedrift\/?s={search_term_string}\"},\"query-input\":{\"@type\":\"PropertyValueSpecification\",\"valueRequired\":true,\"valueName\":\"search_term_string\"}}],\"inLanguage\":\"nb-NO\"},{\"@type\":\"Person\",\"@id\":\"https:\/\/neas.no\/bedrift\/#\/schema\/person\/3696431cb56b4ed4244bb7ac32efa3c9\",\"name\":\"dekode\",\"image\":{\"@type\":\"ImageObject\",\"inLanguage\":\"nb-NO\",\"@id\":\"https:\/\/neas.no\/bedrift\/#\/schema\/person\/image\/\",\"url\":\"https:\/\/secure.gravatar.com\/avatar\/bffaff487bc7653514cf6f17943ba8ab9dacc16c651f35b5bf603b89d8b76476?s=96&d=mm&r=g\",\"contentUrl\":\"https:\/\/secure.gravatar.com\/avatar\/bffaff487bc7653514cf6f17943ba8ab9dacc16c651f35b5bf603b89d8b76476?s=96&d=mm&r=g\",\"caption\":\"dekode\"},\"sameAs\":[\"http:\/\/neas.no\/wp\"],\"url\":\"https:\/\/neas.no\/bedrift\/author\/dekode\/\"}]}<\/script>\n<!-- \/ Yoast SEO Premium plugin. -->","yoast_head_json":{"title":"Si hei til nye NEAS - Bedrift","robots":{"index":"index","follow":"follow","max-snippet":"max-snippet:-1","max-image-preview":"max-image-preview:large","max-video-preview":"max-video-preview:-1"},"canonical":"https:\/\/neas.no\/bedrift\/2024\/10\/02\/hello-world\/","og_locale":"nb_NO","og_type":"article","og_title":"Si hei til nye NEAS","og_description":"I ny drakt Selv om selskapene samles under NEAS-paraplyen, vil du fortsatt m\u00f8te de samme menneskene, og du vil fremdeles f\u00e5 den gode servicen du er vant med. Og har du noe p\u00e5 hjertet kan du kontakte oss p\u00e5 akkurat...","og_url":"https:\/\/neas.no\/bedrift\/2024\/10\/02\/hello-world\/","og_site_name":"Bedrift","article_published_time":"2024-10-02T12:51:52+00:00","article_modified_time":"2026-03-18T11:38:53+00:00","og_image":[{"width":1920,"height":1440,"url":"https:\/\/neas.no\/content\/uploads\/2024\/10\/Kjente-fjes-i-Neas-pa-Campus-Kristiansund.jpg","type":"image\/jpeg"}],"author":"dekode","twitter_card":"summary_large_image","twitter_misc":{"Skrevet av":"dekode","Ansl. lesetid":"2 minutter"},"schema":{"@context":"https:\/\/schema.org","@graph":[{"@type":"Article","@id":"https:\/\/neas.no\/bedrift\/2024\/10\/02\/hello-world\/#article","isPartOf":{"@id":"https:\/\/neas.no\/bedrift\/2024\/10\/02\/hello-world\/"},"author":{"name":"dekode","@id":"https:\/\/neas.no\/bedrift\/#\/schema\/person\/3696431cb56b4ed4244bb7ac32efa3c9"},"headline":"Si hei til nye NEAS","datePublished":"2024-10-02T12:51:52+00:00","dateModified":"2026-03-18T11:38:53+00:00","mainEntityOfPage":{"@id":"https:\/\/neas.no\/bedrift\/2024\/10\/02\/hello-world\/"},"wordCount":240,"commentCount":1,"image":{"@id":"https:\/\/neas.no\/bedrift\/2024\/10\/02\/hello-world\/#primaryimage"},"thumbnailUrl":"https:\/\/neas.no\/content\/uploads\/2024\/10\/Kjente-fjes-i-Neas-pa-Campus-Kristiansund.jpg","articleSection":["Livet i Neas"],"inLanguage":"nb-NO"},{"@type":"WebPage","@id":"https:\/\/neas.no\/bedrift\/2024\/10\/02\/hello-world\/","url":"https:\/\/neas.no\/bedrift\/2024\/10\/02\/hello-world\/","name":"Si hei til nye NEAS - Bedrift","isPartOf":{"@id":"https:\/\/neas.no\/bedrift\/#website"},"primaryImageOfPage":{"@id":"https:\/\/neas.no\/bedrift\/2024\/10\/02\/hello-world\/#primaryimage"},"image":{"@id":"https:\/\/neas.no\/bedrift\/2024\/10\/02\/hello-world\/#primaryimage"},"thumbnailUrl":"https:\/\/neas.no\/content\/uploads\/2024\/10\/Kjente-fjes-i-Neas-pa-Campus-Kristiansund.jpg","datePublished":"2024-10-02T12:51:52+00:00","dateModified":"2026-03-18T11:38:53+00:00","author":{"@id":"https:\/\/neas.no\/bedrift\/#\/schema\/person\/3696431cb56b4ed4244bb7ac32efa3c9"},"breadcrumb":{"@id":"https:\/\/neas.no\/bedrift\/2024\/10\/02\/hello-world\/#breadcrumb"},"inLanguage":"nb-NO","potentialAction":[{"@type":"ReadAction","target":["https:\/\/neas.no\/bedrift\/2024\/10\/02\/hello-world\/"]}]},{"@type":"ImageObject","inLanguage":"nb-NO","@id":"https:\/\/neas.no\/bedrift\/2024\/10\/02\/hello-world\/#primaryimage","url":"https:\/\/neas.no\/content\/uploads\/2024\/10\/Kjente-fjes-i-Neas-pa-Campus-Kristiansund.jpg","contentUrl":"https:\/\/neas.no\/content\/uploads\/2024\/10\/Kjente-fjes-i-Neas-pa-Campus-Kristiansund.jpg"},{"@type":"BreadcrumbList","@id":"https:\/\/neas.no\/bedrift\/2024\/10\/02\/hello-world\/#breadcrumb","itemListElement":[{"@type":"ListItem","position":1,"name":"Hjem","item":"https:\/\/neas.no\/bedrift\/"},{"@type":"ListItem","position":2,"name":"Si hei til nye NEAS"}]},{"@type":"WebSite","@id":"https:\/\/neas.no\/bedrift\/#website","url":"https:\/\/neas.no\/bedrift\/","name":"Bedrift","description":"","potentialAction":[{"@type":"SearchAction","target":{"@type":"EntryPoint","urlTemplate":"https:\/\/neas.no\/bedrift\/?s={search_term_string}"},"query-input":{"@type":"PropertyValueSpecification","valueRequired":true,"valueName":"search_term_string"}}],"inLanguage":"nb-NO"},{"@type":"Person","@id":"https:\/\/neas.no\/bedrift\/#\/schema\/person\/3696431cb56b4ed4244bb7ac32efa3c9","name":"dekode","image":{"@type":"ImageObject","inLanguage":"nb-NO","@id":"https:\/\/neas.no\/bedrift\/#\/schema\/person\/image\/","url":"https:\/\/secure.gravatar.com\/avatar\/bffaff487bc7653514cf6f17943ba8ab9dacc16c651f35b5bf603b89d8b76476?s=96&d=mm&r=g","contentUrl":"https:\/\/secure.gravatar.com\/avatar\/bffaff487bc7653514cf6f17943ba8ab9dacc16c651f35b5bf603b89d8b76476?s=96&d=mm&r=g","caption":"dekode"},"sameAs":["http:\/\/neas.no\/wp"],"url":"https:\/\/neas.no\/bedrift\/author\/dekode\/"}]}},"_links":{"self":[{"href":"https:\/\/neas.no\/bedrift\/wp-json\/wp\/v2\/posts\/1","targetHints":{"allow":["GET"]}}],"collection":[{"href":"https:\/\/neas.no\/bedrift\/wp-json\/wp\/v2\/posts"}],"about":[{"href":"https:\/\/neas.no\/bedrift\/wp-json\/wp\/v2\/types\/post"}],"author":[{"embeddable":true,"href":"https:\/\/neas.no\/bedrift\/wp-json\/wp\/v2\/users\/1"}],"replies":[{"embeddable":true,"href":"https:\/\/neas.no\/bedrift\/wp-json\/wp\/v2\/comments?post=1"}],"version-history":[{"count":4,"href":"https:\/\/neas.no\/bedrift\/wp-json\/wp\/v2\/posts\/1\/revisions"}],"predecessor-version":[{"id":233,"href":"https:\/\/neas.no\/bedrift\/wp-json\/wp\/v2\/posts\/1\/revisions\/233"}],"wp:featuredmedia":[{"embeddable":true,"href":"https:\/\/neas.no\/bedrift\/wp-json\/"}],"wp:attachment":[{"href":"https:\/\/neas.no\/bedrift\/wp-json\/wp\/v2\/media?parent=1"}],"wp:term":[{"taxonomy":"category","embeddable":true,"href":"https:\/\/neas.no\/bedrift\/wp-json\/wp\/v2\/categories?post=1"},{"taxonomy":"post_tag","embeddable":true,"href":"https:\/\/neas.no\/bedrift\/wp-json\/wp\/v2\/tags?post=1"}],"curies":[{"name":"wp","href":"https:\/\/api.w.org\/{rel}","templated":true}]}}