{"id":224,"date":"2024-10-03T21:02:14","date_gmt":"2024-10-03T21:02:14","guid":{"rendered":"https:\/\/neas.no\/bedrift\/?p=224"},"modified":"2026-03-18T11:36:16","modified_gmt":"2026-03-18T11:36:16","slug":"melkvikan-naeringspark","status":"publish","type":"post","link":"https:\/\/neas.no\/bedrift\/2024\/10\/03\/melkvikan-naeringspark\/","title":{"rendered":"Melkvikan n\u00e6ringspark"},"content":{"rendered":"\n\n<p class=\"t2-ingress alignwide wp-block-t2-ingress\">En milep\u00e6l i NEAS sin historie er n\u00e5dd med sammensl\u00e5ingen av selskapets ulike merkevarer til det enhetlige navnet NEAS. Dette skjer med stor stolthet og ikke minst h\u00f8y grad av ydmykhet og takknemlighet til lojale kunder og et nabolag som heier p\u00e5 lokal verdiskapning. \u00a0Denne strategiske sammensl\u00e5ingen markerer ikke bare en ny epoke i selskapets hundre\u00e5rige historie, men den forsterker ogs\u00e5 v\u00e5r forpliktelse til b\u00e6rekraftig utvikling.<\/p>\n\n<figure class=\"alignwide wp-block-post-featured-image\"><img loading=\"lazy\" decoding=\"async\" width=\"2048\" height=\"1152\" src=\"https:\/\/neas.no\/content\/uploads\/2024\/09\/Melkvika-Naeringspark-NEAS-ladeplatform-for-elbil-Tor-Henrik-Eide.jpg\" class=\"attachment-post-thumbnail size-post-thumbnail wp-post-image\" alt=\"\" style=\"object-fit:cover;\" \/><\/figure>\n\n\n<p>Ved \u00e5 samle laget er vi n\u00e5 et sterkere lag som er bedre rustet til \u00e5 m\u00f8te fremtidens utfordringer. Vi kan for eksempel levere p\u00e5 st\u00f8rre prosjekter innen energi, elektro, telekom og IT enn hva vi f\u00f8r var i stand til hver for oss. Ett sterkt lag gir oss ogs\u00e5 st\u00f8rre fart i arbeidet med \u00e5 utvikle innovative og fremtidsrettede tjenester. Vi vil gjerne bidra til et mer b\u00e6rekraftig forbruk for kundene v\u00e5re, og legge til rette for b\u00e6rekraftige byer og lokalsamfunn. Disse, og flere av FNs b\u00e6rekraftsm\u00e5l st\u00e5r sentralt i v\u00e5r visjon om \u00e5 gj\u00f8re b\u00e6rekraftig utvikling mulig.&nbsp;<br><br>NEAS vil tilrettelegge for leveranse av nye og fremtidsrettede tjenester, som vil forme og utvikle b\u00e5de n\u00e6ringslivet og nabolaget rundt oss i \u00e5rene som kommer. Vi er ogs\u00e5 dypt forankret i lokalsamfunnet vi er en del av. Vi tror veldig sterkt p\u00e5 \u00e5 ta vare p\u00e5 nabolaget v\u00e5rt, der b\u00e5de vi og kundene v\u00e5re bor og jobber, og der hvor fremtidige generasjoner skal vokse opp og leve sine liv. B\u00e6rekraft for oss handler om mye mer enn \u00e5 redusere v\u00e5r milj\u00f8p\u00e5virkning. Det handler ogs\u00e5 om \u00e5 v\u00e6re en positiv kraft for lokal utvikling der kundene v\u00e5re bor, og at vi skal ta samfunnsansvaret v\u00e5rt p\u00e5 alvor.<\/p>\n\n\n\n<p>M\u00e5let er \u00e5 innlemme b\u00e6rekraft i alt vi gj\u00f8r, i alt fra store strategiske beslutninger til hverdagslige operasjoner. Samtidig \u00f8nsker vi \u00e5 v\u00e6re en rollemodell for hvordan bedrifter kan ha en positiv \u00f8konomisk utvikling samtidig som milj\u00f8- og samfunnsansvaret ivaretas.<\/p>\n\n\n\n<p>Sammen, under NEAS-merket, ser vi n\u00e5 frem til \u00e5 fortsette \u00e5 ta ansvar for fremtiden. Vi vil fortsette \u00e5 bygge solid infrastruktur, levere fremtidsrettede produkter og tjenester, og v\u00e6re en katalysator for vekst i lokalsamfunnet rundt oss.<\/p>\n\n\n<figure class=\"alignwide wp-block-post-featured-image\"><img loading=\"lazy\" decoding=\"async\" width=\"2048\" height=\"1152\" src=\"https:\/\/neas.no\/content\/uploads\/2024\/09\/Melkvika-Naeringspark-NEAS-ladeplatform-for-elbil-Tor-Henrik-Eide.jpg\" class=\"attachment-post-thumbnail size-post-thumbnail wp-post-image\" alt=\"\" style=\"object-fit:cover;\" \/><\/figure>","protected":false},"excerpt":{"rendered":"<p>Ved \u00e5 samle laget er vi n\u00e5 et sterkere lag som er bedre rustet til \u00e5 m\u00f8te fremtidens utfordringer. Vi kan for eksempel levere p\u00e5 st\u00f8rre prosjekter innen energi, elektro, telekom og IT enn hva vi f\u00f8r var i stand&#8230;<\/p>\n","protected":false},"author":3,"featured_media":183,"comment_status":"closed","ping_status":"closed","sticky":false,"template":"","format":"standard","meta":{"t2_featured_media_focal_point":{"x":0.5,"y":0.5},"footnotes":""},"categories":[33],"tags":[],"class_list":["post-224","post","type-post","status-publish","format-standard","has-post-thumbnail","hentry","category-kundereferanse"],"yoast_head":"<!-- This site is optimized with the Yoast SEO Premium plugin v26.5 (Yoast SEO v26.9) - https:\/\/yoast.com\/product\/yoast-seo-premium-wordpress\/ -->\n<title>Melkvikan n\u00e6ringspark - Bedrift<\/title>\n<meta name=\"robots\" content=\"index, follow, max-snippet:-1, max-image-preview:large, max-video-preview:-1\" \/>\n<link rel=\"canonical\" href=\"https:\/\/neas.no\/bedrift\/2024\/10\/03\/melkvikan-naeringspark\/\" \/>\n<meta property=\"og:locale\" content=\"nb_NO\" \/>\n<meta property=\"og:type\" content=\"article\" \/>\n<meta property=\"og:title\" content=\"Melkvikan n\u00e6ringspark\" \/>\n<meta property=\"og:description\" content=\"Ved \u00e5 samle laget er vi n\u00e5 et sterkere lag som er bedre rustet til \u00e5 m\u00f8te fremtidens utfordringer. Vi kan for eksempel levere p\u00e5 st\u00f8rre prosjekter innen energi, elektro, telekom og IT enn hva vi f\u00f8r var i stand...\" \/>\n<meta property=\"og:url\" content=\"https:\/\/neas.no\/bedrift\/2024\/10\/03\/melkvikan-naeringspark\/\" \/>\n<meta property=\"og:site_name\" content=\"Bedrift\" \/>\n<meta property=\"article:published_time\" content=\"2024-10-03T21:02:14+00:00\" \/>\n<meta property=\"article:modified_time\" content=\"2026-03-18T11:36:16+00:00\" \/>\n<meta property=\"og:image\" content=\"https:\/\/neas.no\/content\/uploads\/2024\/09\/Melkvika-Naeringspark-NEAS-ladeplatform-for-elbil-Tor-Henrik-Eide.jpg\" \/>\n\t<meta property=\"og:image:width\" content=\"2048\" \/>\n\t<meta property=\"og:image:height\" content=\"1152\" \/>\n\t<meta property=\"og:image:type\" content=\"image\/jpeg\" \/>\n<meta name=\"author\" content=\"sarah\" \/>\n<meta name=\"twitter:card\" content=\"summary_large_image\" \/>\n<meta name=\"twitter:label1\" content=\"Skrevet av\" \/>\n\t<meta name=\"twitter:data1\" content=\"sarah\" \/>\n\t<meta name=\"twitter:label2\" content=\"Ansl. lesetid\" \/>\n\t<meta name=\"twitter:data2\" content=\"2 minutter\" \/>\n<script type=\"application\/ld+json\" class=\"yoast-schema-graph\">{\"@context\":\"https:\/\/schema.org\",\"@graph\":[{\"@type\":\"Article\",\"@id\":\"https:\/\/neas.no\/bedrift\/2024\/10\/03\/melkvikan-naeringspark\/#article\",\"isPartOf\":{\"@id\":\"https:\/\/neas.no\/bedrift\/2024\/10\/03\/melkvikan-naeringspark\/\"},\"author\":{\"name\":\"sarah\",\"@id\":\"https:\/\/neas.no\/bedrift\/#\/schema\/person\/7081c8f4061e87bb3dcf8d85908ea94f\"},\"headline\":\"Melkvikan n\u00e6ringspark\",\"datePublished\":\"2024-10-03T21:02:14+00:00\",\"dateModified\":\"2026-03-18T11:36:16+00:00\",\"mainEntityOfPage\":{\"@id\":\"https:\/\/neas.no\/bedrift\/2024\/10\/03\/melkvikan-naeringspark\/\"},\"wordCount\":305,\"image\":{\"@id\":\"https:\/\/neas.no\/bedrift\/2024\/10\/03\/melkvikan-naeringspark\/#primaryimage\"},\"thumbnailUrl\":\"https:\/\/neas.no\/content\/uploads\/2024\/09\/Melkvika-Naeringspark-NEAS-ladeplatform-for-elbil-Tor-Henrik-Eide.jpg\",\"articleSection\":[\"Kundereferanse\"],\"inLanguage\":\"nb-NO\"},{\"@type\":\"WebPage\",\"@id\":\"https:\/\/neas.no\/bedrift\/2024\/10\/03\/melkvikan-naeringspark\/\",\"url\":\"https:\/\/neas.no\/bedrift\/2024\/10\/03\/melkvikan-naeringspark\/\",\"name\":\"Melkvikan n\u00e6ringspark - Bedrift\",\"isPartOf\":{\"@id\":\"https:\/\/neas.no\/bedrift\/#website\"},\"primaryImageOfPage\":{\"@id\":\"https:\/\/neas.no\/bedrift\/2024\/10\/03\/melkvikan-naeringspark\/#primaryimage\"},\"image\":{\"@id\":\"https:\/\/neas.no\/bedrift\/2024\/10\/03\/melkvikan-naeringspark\/#primaryimage\"},\"thumbnailUrl\":\"https:\/\/neas.no\/content\/uploads\/2024\/09\/Melkvika-Naeringspark-NEAS-ladeplatform-for-elbil-Tor-Henrik-Eide.jpg\",\"datePublished\":\"2024-10-03T21:02:14+00:00\",\"dateModified\":\"2026-03-18T11:36:16+00:00\",\"author\":{\"@id\":\"https:\/\/neas.no\/bedrift\/#\/schema\/person\/7081c8f4061e87bb3dcf8d85908ea94f\"},\"breadcrumb\":{\"@id\":\"https:\/\/neas.no\/bedrift\/2024\/10\/03\/melkvikan-naeringspark\/#breadcrumb\"},\"inLanguage\":\"nb-NO\",\"potentialAction\":[{\"@type\":\"ReadAction\",\"target\":[\"https:\/\/neas.no\/bedrift\/2024\/10\/03\/melkvikan-naeringspark\/\"]}]},{\"@type\":\"ImageObject\",\"inLanguage\":\"nb-NO\",\"@id\":\"https:\/\/neas.no\/bedrift\/2024\/10\/03\/melkvikan-naeringspark\/#primaryimage\",\"url\":\"https:\/\/neas.no\/content\/uploads\/2024\/09\/Melkvika-Naeringspark-NEAS-ladeplatform-for-elbil-Tor-Henrik-Eide.jpg\",\"contentUrl\":\"https:\/\/neas.no\/content\/uploads\/2024\/09\/Melkvika-Naeringspark-NEAS-ladeplatform-for-elbil-Tor-Henrik-Eide.jpg\"},{\"@type\":\"BreadcrumbList\",\"@id\":\"https:\/\/neas.no\/bedrift\/2024\/10\/03\/melkvikan-naeringspark\/#breadcrumb\",\"itemListElement\":[{\"@type\":\"ListItem\",\"position\":1,\"name\":\"Hjem\",\"item\":\"https:\/\/neas.no\/bedrift\/\"},{\"@type\":\"ListItem\",\"position\":2,\"name\":\"Melkvikan n\u00e6ringspark\"}]},{\"@type\":\"WebSite\",\"@id\":\"https:\/\/neas.no\/bedrift\/#website\",\"url\":\"https:\/\/neas.no\/bedrift\/\",\"name\":\"Bedrift\",\"description\":\"\",\"potentialAction\":[{\"@type\":\"SearchAction\",\"target\":{\"@type\":\"EntryPoint\",\"urlTemplate\":\"https:\/\/neas.no\/bedrift\/?s={search_term_string}\"},\"query-input\":{\"@type\":\"PropertyValueSpecification\",\"valueRequired\":true,\"valueName\":\"search_term_string\"}}],\"inLanguage\":\"nb-NO\"},{\"@type\":\"Person\",\"@id\":\"https:\/\/neas.no\/bedrift\/#\/schema\/person\/7081c8f4061e87bb3dcf8d85908ea94f\",\"name\":\"sarah\",\"image\":{\"@type\":\"ImageObject\",\"inLanguage\":\"nb-NO\",\"@id\":\"https:\/\/neas.no\/bedrift\/#\/schema\/person\/image\/\",\"url\":\"https:\/\/secure.gravatar.com\/avatar\/9b2e4350dcd50e4f754597048674f463868ae90e8a5348d8e6bf4f1d6e12c243?s=96&d=mm&r=g\",\"contentUrl\":\"https:\/\/secure.gravatar.com\/avatar\/9b2e4350dcd50e4f754597048674f463868ae90e8a5348d8e6bf4f1d6e12c243?s=96&d=mm&r=g\",\"caption\":\"sarah\"},\"url\":\"https:\/\/neas.no\/bedrift\/author\/sarah\/\"}]}<\/script>\n<!-- \/ Yoast SEO Premium plugin. -->","yoast_head_json":{"title":"Melkvikan n\u00e6ringspark - Bedrift","robots":{"index":"index","follow":"follow","max-snippet":"max-snippet:-1","max-image-preview":"max-image-preview:large","max-video-preview":"max-video-preview:-1"},"canonical":"https:\/\/neas.no\/bedrift\/2024\/10\/03\/melkvikan-naeringspark\/","og_locale":"nb_NO","og_type":"article","og_title":"Melkvikan n\u00e6ringspark","og_description":"Ved \u00e5 samle laget er vi n\u00e5 et sterkere lag som er bedre rustet til \u00e5 m\u00f8te fremtidens utfordringer. Vi kan for eksempel levere p\u00e5 st\u00f8rre prosjekter innen energi, elektro, telekom og IT enn hva vi f\u00f8r var i stand...","og_url":"https:\/\/neas.no\/bedrift\/2024\/10\/03\/melkvikan-naeringspark\/","og_site_name":"Bedrift","article_published_time":"2024-10-03T21:02:14+00:00","article_modified_time":"2026-03-18T11:36:16+00:00","og_image":[{"width":2048,"height":1152,"url":"https:\/\/neas.no\/content\/uploads\/2024\/09\/Melkvika-Naeringspark-NEAS-ladeplatform-for-elbil-Tor-Henrik-Eide.jpg","type":"image\/jpeg"}],"author":"sarah","twitter_card":"summary_large_image","twitter_misc":{"Skrevet av":"sarah","Ansl. lesetid":"2 minutter"},"schema":{"@context":"https:\/\/schema.org","@graph":[{"@type":"Article","@id":"https:\/\/neas.no\/bedrift\/2024\/10\/03\/melkvikan-naeringspark\/#article","isPartOf":{"@id":"https:\/\/neas.no\/bedrift\/2024\/10\/03\/melkvikan-naeringspark\/"},"author":{"name":"sarah","@id":"https:\/\/neas.no\/bedrift\/#\/schema\/person\/7081c8f4061e87bb3dcf8d85908ea94f"},"headline":"Melkvikan n\u00e6ringspark","datePublished":"2024-10-03T21:02:14+00:00","dateModified":"2026-03-18T11:36:16+00:00","mainEntityOfPage":{"@id":"https:\/\/neas.no\/bedrift\/2024\/10\/03\/melkvikan-naeringspark\/"},"wordCount":305,"image":{"@id":"https:\/\/neas.no\/bedrift\/2024\/10\/03\/melkvikan-naeringspark\/#primaryimage"},"thumbnailUrl":"https:\/\/neas.no\/content\/uploads\/2024\/09\/Melkvika-Naeringspark-NEAS-ladeplatform-for-elbil-Tor-Henrik-Eide.jpg","articleSection":["Kundereferanse"],"inLanguage":"nb-NO"},{"@type":"WebPage","@id":"https:\/\/neas.no\/bedrift\/2024\/10\/03\/melkvikan-naeringspark\/","url":"https:\/\/neas.no\/bedrift\/2024\/10\/03\/melkvikan-naeringspark\/","name":"Melkvikan n\u00e6ringspark - Bedrift","isPartOf":{"@id":"https:\/\/neas.no\/bedrift\/#website"},"primaryImageOfPage":{"@id":"https:\/\/neas.no\/bedrift\/2024\/10\/03\/melkvikan-naeringspark\/#primaryimage"},"image":{"@id":"https:\/\/neas.no\/bedrift\/2024\/10\/03\/melkvikan-naeringspark\/#primaryimage"},"thumbnailUrl":"https:\/\/neas.no\/content\/uploads\/2024\/09\/Melkvika-Naeringspark-NEAS-ladeplatform-for-elbil-Tor-Henrik-Eide.jpg","datePublished":"2024-10-03T21:02:14+00:00","dateModified":"2026-03-18T11:36:16+00:00","author":{"@id":"https:\/\/neas.no\/bedrift\/#\/schema\/person\/7081c8f4061e87bb3dcf8d85908ea94f"},"breadcrumb":{"@id":"https:\/\/neas.no\/bedrift\/2024\/10\/03\/melkvikan-naeringspark\/#breadcrumb"},"inLanguage":"nb-NO","potentialAction":[{"@type":"ReadAction","target":["https:\/\/neas.no\/bedrift\/2024\/10\/03\/melkvikan-naeringspark\/"]}]},{"@type":"ImageObject","inLanguage":"nb-NO","@id":"https:\/\/neas.no\/bedrift\/2024\/10\/03\/melkvikan-naeringspark\/#primaryimage","url":"https:\/\/neas.no\/content\/uploads\/2024\/09\/Melkvika-Naeringspark-NEAS-ladeplatform-for-elbil-Tor-Henrik-Eide.jpg","contentUrl":"https:\/\/neas.no\/content\/uploads\/2024\/09\/Melkvika-Naeringspark-NEAS-ladeplatform-for-elbil-Tor-Henrik-Eide.jpg"},{"@type":"BreadcrumbList","@id":"https:\/\/neas.no\/bedrift\/2024\/10\/03\/melkvikan-naeringspark\/#breadcrumb","itemListElement":[{"@type":"ListItem","position":1,"name":"Hjem","item":"https:\/\/neas.no\/bedrift\/"},{"@type":"ListItem","position":2,"name":"Melkvikan n\u00e6ringspark"}]},{"@type":"WebSite","@id":"https:\/\/neas.no\/bedrift\/#website","url":"https:\/\/neas.no\/bedrift\/","name":"Bedrift","description":"","potentialAction":[{"@type":"SearchAction","target":{"@type":"EntryPoint","urlTemplate":"https:\/\/neas.no\/bedrift\/?s={search_term_string}"},"query-input":{"@type":"PropertyValueSpecification","valueRequired":true,"valueName":"search_term_string"}}],"inLanguage":"nb-NO"},{"@type":"Person","@id":"https:\/\/neas.no\/bedrift\/#\/schema\/person\/7081c8f4061e87bb3dcf8d85908ea94f","name":"sarah","image":{"@type":"ImageObject","inLanguage":"nb-NO","@id":"https:\/\/neas.no\/bedrift\/#\/schema\/person\/image\/","url":"https:\/\/secure.gravatar.com\/avatar\/9b2e4350dcd50e4f754597048674f463868ae90e8a5348d8e6bf4f1d6e12c243?s=96&d=mm&r=g","contentUrl":"https:\/\/secure.gravatar.com\/avatar\/9b2e4350dcd50e4f754597048674f463868ae90e8a5348d8e6bf4f1d6e12c243?s=96&d=mm&r=g","caption":"sarah"},"url":"https:\/\/neas.no\/bedrift\/author\/sarah\/"}]}},"_links":{"self":[{"href":"https:\/\/neas.no\/bedrift\/wp-json\/wp\/v2\/posts\/224","targetHints":{"allow":["GET"]}}],"collection":[{"href":"https:\/\/neas.no\/bedrift\/wp-json\/wp\/v2\/posts"}],"about":[{"href":"https:\/\/neas.no\/bedrift\/wp-json\/wp\/v2\/types\/post"}],"author":[{"embeddable":true,"href":"https:\/\/neas.no\/bedrift\/wp-json\/wp\/v2\/users\/3"}],"replies":[{"embeddable":true,"href":"https:\/\/neas.no\/bedrift\/wp-json\/wp\/v2\/comments?post=224"}],"version-history":[{"count":3,"href":"https:\/\/neas.no\/bedrift\/wp-json\/wp\/v2\/posts\/224\/revisions"}],"predecessor-version":[{"id":481,"href":"https:\/\/neas.no\/bedrift\/wp-json\/wp\/v2\/posts\/224\/revisions\/481"}],"wp:featuredmedia":[{"embeddable":true,"href":"https:\/\/neas.no\/bedrift\/wp-json\/"}],"wp:attachment":[{"href":"https:\/\/neas.no\/bedrift\/wp-json\/wp\/v2\/media?parent=224"}],"wp:term":[{"taxonomy":"category","embeddable":true,"href":"https:\/\/neas.no\/bedrift\/wp-json\/wp\/v2\/categories?post=224"},{"taxonomy":"post_tag","embeddable":true,"href":"https:\/\/neas.no\/bedrift\/wp-json\/wp\/v2\/tags?post=224"}],"curies":[{"name":"wp","href":"https:\/\/api.w.org\/{rel}","templated":true}]}}